{"provider_url": "https://www.itacoatiara.am.leg.br", "title": "C\u00c2MARA HOMENAGEOU POLICIAIS MILITARES.", "html": "<p style=\"text-align: justify; \"><span>A C\u00e2mara Municipal de Itacoatiara, na manh\u00e3 desse dia 12 de abril de 2019, homenageou dezenas de policiais militares com certificado de honra ao m\u00e9rito, em comemora\u00e7\u00e3o ao anivers\u00e1rio de 182 anos da Pol\u00edcia Militar no Amazonas. A honraria foi concedida atendendo \u00e0 um Requerimento do vereador D\u00e1rio Nunes, que foi aprovado por unanimidade pelos demais pares.</span></p>\r\n<p style=\"text-align: justify; \"><span><img src=\"https://www.itacoatiara.am.leg.br/institucional/fotos/fotos-diversas/16.png/@@images/290c76e4-6b16-43b6-af3c-81dcc760cfb3.png\" alt=\"16.png\" class=\"image-left\" title=\"16.png\" /></span></p>\r\n<p style=\"text-align: justify; \"><span>Em seu discurso, o vereador propositor justificou as raz\u00f5es por que requereu a homenagem, destacando a constante dedica\u00e7\u00e3o da PM desde sua cria\u00e7\u00e3o e tamb\u00e9m, por que, na sua opini\u00e3o, a sociedade na maioria das vezes, n\u00e3o sabe avaliar e nem reconhecer a dedica\u00e7\u00e3o e o empenho com os quais esses profissionais desenvolvem seus trabalhos, muitas vezes distante dos familiares, com horas redobradas de servi\u00e7o.</span></p>\r\n<p style=\"text-align: justify; \"><span></span><span>D\u00e1rio disse que mais do que uma profiss\u00e3o, o policial e a policial militar t\u00eam um prop\u00f3sito, um ideal, um minist\u00e9rio e o mandato popular de cuidar da sua fam\u00edlia e do povo.</span></p>\r\n<p style=\"text-align: justify; \"><span></span><span>O Vereador destacou tamb\u00e9m o trabalho e a dedica\u00e7\u00e3o do comandante do 2\u00b0 Batalh\u00e3o de Itacoatiara, Tenente Coronel Beckman.</span><br /><br /><span><img src=\"https://www.itacoatiara.am.leg.br/institucional/fotos/fotos-diversas/06.png/@@images/4dc4611c-fb9e-4bf0-8250-e3b6067bc775.png\" alt=\"06.png\" class=\"image-left\" title=\"06.png\" /></span></p>\r\n<p style=\"text-align: justify; \"><span>O presidente da C\u00e2mara, A. I. Netto, disse que a Pol\u00edcia Militar sempre ter\u00e1 do Parlamento Itacoatiarense, todas as honrarias e homenagens por tudo que faz em favou da coletividade. </span></p>\r\n<p style=\"text-align: justify; \"><span>Disse\u00a0</span><span>ainda que acha justa e merecida a propositura apresentada pelo seu colega D\u00e1rio Nunes, destacando tamb\u00e9m o trabalho dos demais vereadores, que aprovaram o Requerimento.</span></p>\r\n<p style=\"text-align: justify; \"><span><br /></span></p>\r\n<p style=\"text-align: justify; \"><span><br /></span></p>\r\n<p style=\"text-align: justify; \"><span><br /></span></p>\r\n<p style=\"text-align: justify; \"><span>Depois do momento da entrega dos certificados de Honra ao M\u00e9rito, o Comandante Beckman, em seu discurso, explicou que sabe dizer com muito orgulho e seguran\u00e7a o que \u00e9 ser um policial militar, porque vive isso todos os dias. Ressaltando que para ser homenageado n\u00e3o basta ser policial militar, \u00e9 preciso ser dedicado e emprenhado em alavancar o nome da Corpora\u00e7\u00e3o junto ao povo e a sociedade.</span></p>\r\n<p style=\"text-align: justify; \"><span></span><span>Ele enfatizou que muitas vezes a sociedade n\u00e3o sabe nem de perto das situa\u00e7\u00f5es que passam os policiais militares, no desempenho de suas fun\u00e7\u00f5es, como por exemplo, trabalhar nas suas horas de folga sem ganhar hora extra.\u00a0</span><span>O Comandante lembrou que muitas vezes o policial est\u00e1 de folga, no sagrado conv\u00edvio de sua fam\u00edlia e \u00e9 chamado de forma inesperada para trabalhar de gra\u00e7a. \u201cEnt\u00e3o, como n\u00e3o agradecer esse profissional? \u201d, indagou.</span><span>Ele ainda destacou que uma das grandes frustra\u00e7\u00f5es dos PM\u2019s, \u00e9 ter que arriscar suas vidas para efetuar pris\u00f5es de meliantes, par depois v\u00ea-los soltos novamente, porque a Lei permite que eles sejam liberados.</span></p>\r\n<p style=\"text-align: justify; \"><span></span><span>O prefeito Ant\u00f4nio Peixoto tamb\u00e9m exaltou e agradeceu o trabalho dos Policiais Militares, com destaque especial para as mulheres que integram a corpora\u00e7\u00e3o. Disse que os policiais est\u00e3o sujeitos a todos os tipos de situa\u00e7\u00f5es, que a adrenalina est\u00e1 sempre alta e o emocional sendo testado constantemente.</span></p>\r\n<p style=\"text-align: justify; \"><span>O Prefeito ainda lembrou de alguns epis\u00f3dios memor\u00e1veis que viveu junto ao Comandante Beckman, na busca de solu\u00e7\u00f5es de alguns conflitos.</span><br /><span></span></p>\r\n<p style=\"text-align: justify; \"><span>O vereador presidente A. I. Netto, pediu que a cerim\u00f4nia fosse encerrada com o hino da Pol\u00edcia Militar.</span></p>\r\n<p style=\"text-align: center; \"><span><img src=\"https://www.itacoatiara.am.leg.br/institucional/fotos/fotos-diversas/11.png/@@images/1adc82c6-ef1b-4731-b4ef-55d5ac52b2e5.png\" alt=\"11.png\" class=\"image-inline\" title=\"11.png\" /></span></p>\r\n<p style=\"text-align: justify; \"><span><br /></span></p>", "author_name": "marcionunes", "version": "1.0", "author_url": "https://www.itacoatiara.am.leg.br/author/marcionunes", "provider_name": "C\u00c2MARA MUNICIPAL", "type": "rich"}